{"@context":"https:\/\/schema.org\/","@type":"CollectionPage","@id":"https:\/\/www.cello-ilc.cz\/ekonomika\/#CollectionPage","headline":"Ekonomika Category","description":"","url":"https:\/\/www.cello-ilc.cz\/ekonomika\/","hasPart":[{"@type":"Article","@id":"https:\/\/www.cello-ilc.cz\/penize-nesmi-chybet\/","headline":"Pen\u00edze nesm\u00ed chyb\u011bt","url":"https:\/\/www.cello-ilc.cz\/penize-nesmi-chybet\/","datePublished":"2022-04-26","dateModified":"2023-05-17","mainEntityOfPage":"https:\/\/www.cello-ilc.cz\/penize-nesmi-chybet\/","author":{"@type":"Person","@id":"https:\/\/www.cello-ilc.cz\/author\/devene\/#Person","name":"devene","url":"https:\/\/www.cello-ilc.cz\/author\/devene\/","identifier":1,"image":{"@type":"ImageObject","@id":"https:\/\/secure.gravatar.com\/avatar\/87007d43bbcef3c87926bba9082d96a1a8da6f7ae55b1546f5f58a5e10d8ed12?s=96&d=mm&r=g","url":"https:\/\/secure.gravatar.com\/avatar\/87007d43bbcef3c87926bba9082d96a1a8da6f7ae55b1546f5f58a5e10d8ed12?s=96&d=mm&r=g","height":96,"width":96}},"publisher":{"@type":"Organization","name":"cello-ilc.cz","logo":{"@type":"ImageObject","@id":"\/logo.png","url":"\/logo.png","width":600,"height":60}},"image":{"@type":"ImageObject","@id":"https:\/\/www.cello-ilc.cz\/wp-content\/uploads\/polsk%C3%A9%20zlot%C3%A9_10_10_2.jpg","url":"https:\/\/www.cello-ilc.cz\/wp-content\/uploads\/polsk%C3%A9%20zlot%C3%A9_10_10_2.jpg","height":0,"width":0},"keywords":null},{"@type":"Article","@id":"https:\/\/www.cello-ilc.cz\/je-nebankovni-pujcka-skutecne-tak-vyhodna\/","headline":"Je nebankovn\u00ed p\u016fj\u010dka skute\u010dn\u011b tak v\u00fdhodn\u00e1?","url":"https:\/\/www.cello-ilc.cz\/je-nebankovni-pujcka-skutecne-tak-vyhodna\/","datePublished":"2022-01-23","dateModified":"2023-05-17","mainEntityOfPage":"https:\/\/www.cello-ilc.cz\/je-nebankovni-pujcka-skutecne-tak-vyhodna\/","author":{"@type":"Person","@id":"https:\/\/www.cello-ilc.cz\/author\/devene\/#Person","name":"devene","url":"https:\/\/www.cello-ilc.cz\/author\/devene\/","identifier":1,"image":{"@type":"ImageObject","@id":"https:\/\/secure.gravatar.com\/avatar\/87007d43bbcef3c87926bba9082d96a1a8da6f7ae55b1546f5f58a5e10d8ed12?s=96&d=mm&r=g","url":"https:\/\/secure.gravatar.com\/avatar\/87007d43bbcef3c87926bba9082d96a1a8da6f7ae55b1546f5f58a5e10d8ed12?s=96&d=mm&r=g","height":96,"width":96}},"publisher":{"@type":"Organization","name":"cello-ilc.cz","logo":{"@type":"ImageObject","@id":"\/logo.png","url":"\/logo.png","width":600,"height":60}},"image":{"@type":"ImageObject","@id":"https:\/\/www.cello-ilc.cz\/wp-content\/uploads\/pexels-andrea-piacquadio-3767397.jpg","url":"https:\/\/www.cello-ilc.cz\/wp-content\/uploads\/pexels-andrea-piacquadio-3767397.jpg","height":0,"width":0},"keywords":null},{"@type":"Article","@id":"https:\/\/www.cello-ilc.cz\/nebankovni-hypoteky-mohou-mnohym-lidem-pomoci\/","headline":"Nebankovn\u00ed hypot\u00e9ky mohou mnoh\u00fdm lidem pomoci","url":"https:\/\/www.cello-ilc.cz\/nebankovni-hypoteky-mohou-mnohym-lidem-pomoci\/","datePublished":"2021-12-03","dateModified":"2023-05-17","mainEntityOfPage":"https:\/\/www.cello-ilc.cz\/nebankovni-hypoteky-mohou-mnohym-lidem-pomoci\/","author":{"@type":"Person","@id":"https:\/\/www.cello-ilc.cz\/author\/devene\/#Person","name":"devene","url":"https:\/\/www.cello-ilc.cz\/author\/devene\/","identifier":1,"image":{"@type":"ImageObject","@id":"https:\/\/secure.gravatar.com\/avatar\/87007d43bbcef3c87926bba9082d96a1a8da6f7ae55b1546f5f58a5e10d8ed12?s=96&d=mm&r=g","url":"https:\/\/secure.gravatar.com\/avatar\/87007d43bbcef3c87926bba9082d96a1a8da6f7ae55b1546f5f58a5e10d8ed12?s=96&d=mm&r=g","height":96,"width":96}},"publisher":{"@type":"Organization","name":"cello-ilc.cz","logo":{"@type":"ImageObject","@id":"\/logo.png","url":"\/logo.png","width":600,"height":60}},"image":{"@type":"ImageObject","@id":"https:\/\/www.cello-ilc.cz\/wp-content\/uploads\/silueta,%20pen%C3%ADze.jpg","url":"https:\/\/www.cello-ilc.cz\/wp-content\/uploads\/silueta,%20pen%C3%ADze.jpg","height":0,"width":0},"keywords":null},{"@type":"Article","@id":"https:\/\/www.cello-ilc.cz\/kdyz-se-podnikateli-nedari\/","headline":"Kdy\u017e se podnikateli neda\u0159\u00ed","url":"https:\/\/www.cello-ilc.cz\/kdyz-se-podnikateli-nedari\/","datePublished":"2020-06-22","dateModified":"2023-05-17","mainEntityOfPage":"https:\/\/www.cello-ilc.cz\/kdyz-se-podnikateli-nedari\/","author":{"@type":"Person","@id":"https:\/\/www.cello-ilc.cz\/author\/devene\/#Person","name":"devene","url":"https:\/\/www.cello-ilc.cz\/author\/devene\/","identifier":1,"image":{"@type":"ImageObject","@id":"https:\/\/secure.gravatar.com\/avatar\/87007d43bbcef3c87926bba9082d96a1a8da6f7ae55b1546f5f58a5e10d8ed12?s=96&d=mm&r=g","url":"https:\/\/secure.gravatar.com\/avatar\/87007d43bbcef3c87926bba9082d96a1a8da6f7ae55b1546f5f58a5e10d8ed12?s=96&d=mm&r=g","height":96,"width":96}},"publisher":{"@type":"Organization","name":"cello-ilc.cz","logo":{"@type":"ImageObject","@id":"\/logo.png","url":"\/logo.png","width":600,"height":60}},"image":{"@type":"ImageObject","@id":"https:\/\/www.cello-ilc.cz\/wp-content\/uploads\/n%C4%9Bkolik%20minc%C3%AD_5.jpg","url":"https:\/\/www.cello-ilc.cz\/wp-content\/uploads\/n%C4%9Bkolik%20minc%C3%AD_5.jpg","height":0,"width":0},"keywords":null},{"@type":"Article","@id":"https:\/\/www.cello-ilc.cz\/iranska-ekonomika-zabranuje-agresi\/","headline":"\u00cdr\u00e1nsk\u00e1 ekonomika zabra\u0148uje agresi","url":"https:\/\/www.cello-ilc.cz\/iranska-ekonomika-zabranuje-agresi\/","datePublished":"2020-01-06","dateModified":"2023-05-17","mainEntityOfPage":"https:\/\/www.cello-ilc.cz\/iranska-ekonomika-zabranuje-agresi\/","author":{"@type":"Person","@id":"https:\/\/www.cello-ilc.cz\/author\/devene\/#Person","name":"devene","url":"https:\/\/www.cello-ilc.cz\/author\/devene\/","identifier":1,"image":{"@type":"ImageObject","@id":"https:\/\/secure.gravatar.com\/avatar\/87007d43bbcef3c87926bba9082d96a1a8da6f7ae55b1546f5f58a5e10d8ed12?s=96&d=mm&r=g","url":"https:\/\/secure.gravatar.com\/avatar\/87007d43bbcef3c87926bba9082d96a1a8da6f7ae55b1546f5f58a5e10d8ed12?s=96&d=mm&r=g","height":96,"width":96}},"publisher":{"@type":"Organization","name":"cello-ilc.cz","logo":{"@type":"ImageObject","@id":"\/logo.png","url":"\/logo.png","width":600,"height":60}},"image":{"@type":"ImageObject","@id":"https:\/\/www.cello-ilc.cz\/wp-content\/uploads\/img_a366696_w4295_t1579355239.jpg","url":"https:\/\/www.cello-ilc.cz\/wp-content\/uploads\/img_a366696_w4295_t1579355239.jpg","height":0,"width":0},"keywords":null},{"@type":"Article","@id":"https:\/\/www.cello-ilc.cz\/na-co-si-davat-pozor-pokud-je-nam-nabidnuta-hypoteka-bez-registru\/","headline":"Na co si d\u00e1vat pozor, pokud je n\u00e1m nab\u00eddnuta hypot\u00e9ka bez registru","url":"https:\/\/www.cello-ilc.cz\/na-co-si-davat-pozor-pokud-je-nam-nabidnuta-hypoteka-bez-registru\/","datePublished":"2020-01-05","dateModified":"2023-05-17","mainEntityOfPage":"https:\/\/www.cello-ilc.cz\/na-co-si-davat-pozor-pokud-je-nam-nabidnuta-hypoteka-bez-registru\/","author":{"@type":"Person","@id":"https:\/\/www.cello-ilc.cz\/author\/devene\/#Person","name":"devene","url":"https:\/\/www.cello-ilc.cz\/author\/devene\/","identifier":1,"image":{"@type":"ImageObject","@id":"https:\/\/secure.gravatar.com\/avatar\/87007d43bbcef3c87926bba9082d96a1a8da6f7ae55b1546f5f58a5e10d8ed12?s=96&d=mm&r=g","url":"https:\/\/secure.gravatar.com\/avatar\/87007d43bbcef3c87926bba9082d96a1a8da6f7ae55b1546f5f58a5e10d8ed12?s=96&d=mm&r=g","height":96,"width":96}},"publisher":{"@type":"Organization","name":"cello-ilc.cz","logo":{"@type":"ImageObject","@id":"\/logo.png","url":"\/logo.png","width":600,"height":60}},"image":{"@type":"ImageObject","@id":"https:\/\/www.cello-ilc.cz\/wp-content\/uploads\/img_a378823_w4354_t1590056380.jpg","url":"https:\/\/www.cello-ilc.cz\/wp-content\/uploads\/img_a378823_w4354_t1590056380.jpg","height":0,"width":0},"keywords":null},{"@type":"Article","@id":"https:\/\/www.cello-ilc.cz\/vyplati-se-investice-do-zlata\/","headline":"Vyplat\u00ed se investice do zlata?","url":"https:\/\/www.cello-ilc.cz\/vyplati-se-investice-do-zlata\/","datePublished":"2019-12-01","dateModified":"2023-05-17","mainEntityOfPage":"https:\/\/www.cello-ilc.cz\/vyplati-se-investice-do-zlata\/","author":{"@type":"Person","@id":"https:\/\/www.cello-ilc.cz\/author\/devene\/#Person","name":"devene","url":"https:\/\/www.cello-ilc.cz\/author\/devene\/","identifier":1,"image":{"@type":"ImageObject","@id":"https:\/\/secure.gravatar.com\/avatar\/87007d43bbcef3c87926bba9082d96a1a8da6f7ae55b1546f5f58a5e10d8ed12?s=96&d=mm&r=g","url":"https:\/\/secure.gravatar.com\/avatar\/87007d43bbcef3c87926bba9082d96a1a8da6f7ae55b1546f5f58a5e10d8ed12?s=96&d=mm&r=g","height":96,"width":96}},"publisher":{"@type":"Organization","name":"cello-ilc.cz","logo":{"@type":"ImageObject","@id":"\/logo.png","url":"\/logo.png","width":600,"height":60}},"image":{"@type":"ImageObject","@id":"https:\/\/www.cello-ilc.cz\/wp-content\/uploads\/img_a364554_w4354_t1577286044.jpg","url":"https:\/\/www.cello-ilc.cz\/wp-content\/uploads\/img_a364554_w4354_t1577286044.jpg","height":0,"width":0},"keywords":null},{"@type":"Article","@id":"https:\/\/www.cello-ilc.cz\/solarni-sprchy-na-zahradu\/","headline":"Sol\u00e1rn\u00ed sprchy na zahradu","url":"https:\/\/www.cello-ilc.cz\/solarni-sprchy-na-zahradu\/","datePublished":"2017-12-20","dateModified":"2017-12-20","mainEntityOfPage":"https:\/\/www.cello-ilc.cz\/solarni-sprchy-na-zahradu\/","author":{"@type":"Person","@id":"https:\/\/www.cello-ilc.cz\/author\/devene\/#Person","name":"devene","url":"https:\/\/www.cello-ilc.cz\/author\/devene\/","identifier":1,"image":{"@type":"ImageObject","@id":"https:\/\/secure.gravatar.com\/avatar\/87007d43bbcef3c87926bba9082d96a1a8da6f7ae55b1546f5f58a5e10d8ed12?s=96&d=mm&r=g","url":"https:\/\/secure.gravatar.com\/avatar\/87007d43bbcef3c87926bba9082d96a1a8da6f7ae55b1546f5f58a5e10d8ed12?s=96&d=mm&r=g","height":96,"width":96}},"publisher":{"@type":"Organization","name":"cello-ilc.cz","logo":{"@type":"ImageObject","@id":"\/logo.png","url":"\/logo.png","width":600,"height":60}},"image":{"@type":"ImageObject","@id":"https:\/\/www.cello-ilc.cz\/wp-content\/uploads\/img_a307993_w2435_t1519139470.jpg","url":"https:\/\/www.cello-ilc.cz\/wp-content\/uploads\/img_a307993_w2435_t1519139470.jpg","height":0,"width":0},"keywords":null},{"@type":"Article","@id":"https:\/\/www.cello-ilc.cz\/skvela-pomucka-k-bazenu-na-osvezeni-nebo-i-bez-nej\/","headline":"Skv\u011bl\u00e1 pom\u016fcka k baz\u00e9nu na osv\u011b\u017een\u00ed nebo i bez n\u011bj","url":"https:\/\/www.cello-ilc.cz\/skvela-pomucka-k-bazenu-na-osvezeni-nebo-i-bez-nej\/","datePublished":"2017-03-26","dateModified":"2024-07-03","mainEntityOfPage":"https:\/\/www.cello-ilc.cz\/skvela-pomucka-k-bazenu-na-osvezeni-nebo-i-bez-nej\/","author":{"@type":"Person","@id":"https:\/\/www.cello-ilc.cz\/author\/devene\/#Person","name":"devene","url":"https:\/\/www.cello-ilc.cz\/author\/devene\/","identifier":1,"image":{"@type":"ImageObject","@id":"https:\/\/secure.gravatar.com\/avatar\/87007d43bbcef3c87926bba9082d96a1a8da6f7ae55b1546f5f58a5e10d8ed12?s=96&d=mm&r=g","url":"https:\/\/secure.gravatar.com\/avatar\/87007d43bbcef3c87926bba9082d96a1a8da6f7ae55b1546f5f58a5e10d8ed12?s=96&d=mm&r=g","height":96,"width":96}},"publisher":{"@type":"Organization","name":"cello-ilc.cz","logo":{"@type":"ImageObject","@id":"\/logo.png","url":"\/logo.png","width":600,"height":60}},"image":null,"keywords":null}]}