[{"@context":"https:\/\/schema.org\/","@type":"Article","@id":"https:\/\/www.cello-ilc.cz\/muzi-a-cest\/#Article","mainEntityOfPage":"https:\/\/www.cello-ilc.cz\/muzi-a-cest\/","headline":"Mu\u017ei a \u010dest","name":"Mu\u017ei a \u010dest","description":"Taky jste si n\u011bkdy \u0159\u00edkali, \u017ee to maj\u00ed mu\u017ei v \u017eivot\u011b jednodu\u0161\u0161\u00ed? Pokud si to mysl\u00edte, tak j\u00e1 s v\u00e1mi z p\u016flky souhlas\u00edm, ale taky z p\u016flky nesouhlas\u00edm. V\u017edy\u0165 \u00fapln\u011b v\u0161echno m\u00e1 sv\u00e9 pro a proti. Tak\u017ee? Proto\u017ee kdy\u017e jsem t\u0159eba s kamar\u00e1dkou n\u011bkde v baru, tak se n\u00e1m s kamar\u00e1dkou opravdu hodn\u011b l\u00edb\u00ed, kdy\u017e...","datePublished":"2023-02-07","dateModified":"2023-05-17","author":{"@type":"Person","@id":"https:\/\/www.cello-ilc.cz\/author\/devene\/#Person","name":"devene","url":"https:\/\/www.cello-ilc.cz\/author\/devene\/","identifier":1,"image":{"@type":"ImageObject","@id":"https:\/\/secure.gravatar.com\/avatar\/87007d43bbcef3c87926bba9082d96a1a8da6f7ae55b1546f5f58a5e10d8ed12?s=96&d=mm&r=g","url":"https:\/\/secure.gravatar.com\/avatar\/87007d43bbcef3c87926bba9082d96a1a8da6f7ae55b1546f5f58a5e10d8ed12?s=96&d=mm&r=g","height":96,"width":96}},"publisher":{"@type":"Organization","name":"cello-ilc.cz","logo":{"@type":"ImageObject","@id":"\/logo.png","url":"\/logo.png","width":600,"height":60}},"image":{"@type":"ImageObject","@id":"https:\/\/www.cello-ilc.cz\/wp-content\/uploads\/army-g27089c14d_640_1.jpg","url":"https:\/\/www.cello-ilc.cz\/wp-content\/uploads\/army-g27089c14d_640_1.jpg","height":0,"width":0},"url":"https:\/\/www.cello-ilc.cz\/muzi-a-cest\/","about":["Mu\u017ei"],"wordCount":440,"articleBody":"Taky jste si n\u011bkdy \u0159\u00edkali, \u017ee to maj\u00ed mu\u017ei v \u017eivot\u011b jednodu\u0161\u0161\u00ed? Pokud si to mysl\u00edte, tak j\u00e1 s v\u00e1mi z p\u016flky souhlas\u00edm, ale taky z p\u016flky nesouhlas\u00edm. V\u017edy\u0165 \u00fapln\u011b v\u0161echno m\u00e1 sv\u00e9 pro a proti. Tak\u017ee? Proto\u017ee kdy\u017e jsem t\u0159eba s kamar\u00e1dkou n\u011bkde v baru, tak se n\u00e1m s kamar\u00e1dkou opravdu hodn\u011b l\u00edb\u00ed, kdy\u017e tam jsou sam\u00ed mu\u017ei a kdy\u017e n\u00e1m t\u0159eba koup\u00ed\u00a0n\u011bjak\u00fd\u00a0drink a nebo n\u00e1m pomohou do kab\u00e1tu. Mn\u011b se tohle l\u00edb\u00ed, ale zase zn\u00e1m taky p\u00e1r \u017een, kter\u00fdm se to nel\u00edb\u00ed, proto\u017ee v dne\u0161n\u00ed dob\u011b jsou \u017eeny opravdu hodn\u011b emancipovan\u00e9, tak\u017ee pokl\u00e1daj\u00ed t\u0159eba za zbyte\u010dnost to, kdy\u017e jim mu\u017e pom\u00e1h\u00e1 do kab\u00e1tu. Proboha pro\u010d? M\u011b se\u00a0to\u00a0l\u00edb\u00ed a je to opravdu p\u011bkn\u00e9 gesto. Gesto, kter\u00e9 nic nestoj\u00ed a\u00a0trv\u00e1\u00a0jenom chvili\u010dku, ale j\u00e1 bych na to gesto od mu\u017ee\u00a0myslela\u00a0t\u0159eba i m\u011bs\u00edc! A st\u00e1le by m\u011b to t\u011b\u0161ilo.\u00a0Mo\u017en\u00e1\u00a0si to\u00a0jen my \u017eeny z\u00a0mu\u017e\u016f\u00a0d\u011bl\u00e1me takov\u00e9 sle\u010dinky. N\u011bkter\u00e9 \u017eeny to dokonce ur\u00e1\u017e\u00ed a kolikr\u00e1t jsem taky vid\u011bla v restauraci, jak jeden p\u00e1n vzal kab\u00e1t a pomohl \u017een\u011b do\u00a0kab\u00e1tu. A ta \u017eena\u00a0se urazila\u00a0a \u0159ekla, \u017ee je p\u0159eci schopn\u00e1 a nen\u00ed posti\u017een\u00e1, aby se sama nedok\u00e1zala obl\u00e9ct. Nav\u00edc taky \u017eenu urazilo pr\u00fd to, \u017ee j\u00ed mu\u017e zni\u010dehonic\u00a0vzal\u00a0kab\u00e1t, ani\u017e by se zeptal. A mus\u00edm uznat, \u017ee mn\u011b osobn\u011b by tohle opravdu hodn\u011b pot\u011b\u0161ilo.M\u011b se tedy v \u017eivot\u011b je\u0161t\u011b za cel\u00fdch t\u0159icet let nestalo, \u017ee by se mu\u017e zvedl s\u00e1m od sebe a s\u00e1m od sebe by zvedl mou bundu nebo kab\u00e1t, \u017ee by mi do toho pomohl. Zat\u00edm se mi tohle nestalo. A j\u00e1 si \u0159\u00edk\u00e1m, \u017ee kdyby se mi to stalo, tak bych se mo\u017en\u00e1\u00a0trochu\u00a0z\u010dervenala, ale opravdu hodn\u011b by m\u011b to pot\u011b\u0161ilo. Asi mo\u017en\u00e1 jsem zastaral\u00e1, ale l\u00edb\u00ed se mi tak\u00e9 p\u00e1nov\u00e9 v obleku a kdy\u017e jsou slu\u0161n\u011b oble\u010den\u00ed a kdy\u017e maj\u00ed tak\u00e9 slu\u0161n\u00e9 vyjad\u0159ov\u00e1n\u00ed a vychov\u00e1n\u00ed. A t\u0159eba hospodsk\u00e9 vtipy o \u017een\u00e1ch nem\u00e1m v\u016fbec r\u00e1da, proto\u017ee takov\u00e9 hospodsk\u00e9 vtipy v\u011bt\u0161inou v\u0161echny \u017eeny ur\u00e1\u017e\u00ed. A kdy\u017e u\u017e jsme u t\u011bch mu\u017e\u00edch. Tak jak\u00e9ho gentlemana m\u00e1te doma vy?                                                                                                                                                                                                                                                                                                                                                                                                "},{"@context":"https:\/\/schema.org\/","@type":"BreadcrumbList","itemListElement":[{"@type":"ListItem","position":1,"name":"Mu\u017ei a \u010dest","item":"https:\/\/www.cello-ilc.cz\/muzi-a-cest\/#breadcrumbitem"}]}]