[{"@context":"https:\/\/schema.org\/","@type":"Article","@id":"https:\/\/www.cello-ilc.cz\/navrhy-interieru-od-profesionalu\/#Article","mainEntityOfPage":"https:\/\/www.cello-ilc.cz\/navrhy-interieru-od-profesionalu\/","headline":"N\u00e1vrhy interi\u00e9r\u016f od profesion\u00e1l\u016f","name":"N\u00e1vrhy interi\u00e9r\u016f od profesion\u00e1l\u016f","description":"Nechcete zbyte\u010dn\u011b ztr\u00e1cet \u010das? Pln\u011b takov\u00e9to problelmatice nerozum\u00edte? Nechcete to m\u00edt spl\u00e1cen\u00e9 podle vlastn\u00ed p\u0159edstavy, ale rad\u011bji zvol\u00edte opravdu l\u00edbiv\u00fd styl? Takov\u00fd, kter\u00fd bude vy\u010dn\u00edvat elegantn\u00edm vzhledem? Design ka\u017ed\u00e9 m\u00edstnosti je opravdu d\u016fle\u017eit\u00fd, ur\u010duje, jak se v budoucnosti budete v dan\u00e9 m\u00edstnosti c\u00edtit. P\u0159esn\u011b to poskytuj\u00ed i v na\u0161em hlavn\u00edm m\u011bst\u011b pr\u00e1v\u011b n\u00e1vrhy interi\u00e9r\u016f Praha....","datePublished":"2020-09-15","dateModified":"2023-05-17","author":{"@type":"Person","@id":"https:\/\/www.cello-ilc.cz\/author\/devene\/#Person","name":"devene","url":"https:\/\/www.cello-ilc.cz\/author\/devene\/","identifier":1,"image":{"@type":"ImageObject","@id":"https:\/\/secure.gravatar.com\/avatar\/87007d43bbcef3c87926bba9082d96a1a8da6f7ae55b1546f5f58a5e10d8ed12?s=96&d=mm&r=g","url":"https:\/\/secure.gravatar.com\/avatar\/87007d43bbcef3c87926bba9082d96a1a8da6f7ae55b1546f5f58a5e10d8ed12?s=96&d=mm&r=g","height":96,"width":96}},"publisher":{"@type":"Organization","name":"cello-ilc.cz","logo":{"@type":"ImageObject","@id":"\/logo.png","url":"\/logo.png","width":600,"height":60}},"image":{"@type":"ImageObject","@id":"https:\/\/www.cello-ilc.cz\/wp-content\/uploads\/mu%C5%BE%20a%20%C5%BEena%20v%20objet%C3%AD_1.jpeg","url":"https:\/\/www.cello-ilc.cz\/wp-content\/uploads\/mu%C5%BE%20a%20%C5%BEena%20v%20objet%C3%AD_1.jpeg","height":0,"width":0},"url":"https:\/\/www.cello-ilc.cz\/navrhy-interieru-od-profesionalu\/","about":["D\u016fm a zahrada"],"wordCount":415,"articleBody":"   Nechcete zbyte\u010dn\u011b ztr\u00e1cet \u010das? Pln\u011b takov\u00e9to problelmatice nerozum\u00edte? Nechcete to m\u00edt spl\u00e1cen\u00e9 podle vlastn\u00ed p\u0159edstavy, ale rad\u011bji zvol\u00edte opravdu l\u00edbiv\u00fd styl? Takov\u00fd, kter\u00fd bude vy\u010dn\u00edvat elegantn\u00edm vzhledem? Design ka\u017ed\u00e9 m\u00edstnosti je opravdu d\u016fle\u017eit\u00fd, ur\u010duje, jak se v budoucnosti budete v dan\u00e9 m\u00edstnosti c\u00edtit. P\u0159esn\u011b to poskytuj\u00ed i v na\u0161em hlavn\u00edm m\u011bst\u011b pr\u00e1v\u011b n\u00e1vrhy interi\u00e9r\u016f Praha.Sladit ka\u017ed\u00fd dopln\u011bk v jedno vkusn\u00e9 a elegantn\u011b za\u0159\u00edzen\u00e9 bydlen\u00ed toti\u017e m\u016f\u017ee b\u00fdt pro jednotlivce velk\u00fd probl\u00e9m. Obzvl\u00e1\u0161t\u011b v p\u0159\u00edpad\u011b, kdy\u017e nezn\u00e1te v\u0161echny modern\u00ed styly, materi\u00e1ly, barvy. Je k tomu pot\u0159eba estetick\u00e9ho c\u00edt\u011bn\u00ed a samoz\u0159ejm\u011b tak\u00e9 v prv\u00e9 \u0159ad\u011b p\u0159edstavivost. Mus\u00edte zn\u00e1t modern\u00ed i tradi\u010dn\u00ed styly, v\u011bd\u011bt, co se k \u010demu hod\u00ed, ud\u011blat si jasnou p\u0159edstavu.Mnohdy ani netu\u0161\u00edme, co se v prostoru skr\u00fdv\u00e1, dokud n\u00e1m to jin\u00fd neodhal\u00ed. Pak \u0159ekneme, \u017ee by n\u00e1s takov\u00e9ho dispozi\u010dn\u00ed \u0159e\u0161en\u00ed t\u0159eba ani nenapadlo a pr\u00e1v\u011b proto vyu\u017e\u00edv\u00e1me o\u010di profesion\u00e1l\u016f, kte\u0159\u00ed se na to d\u00edvaj\u00ed jin\u00fdm \u00fahlem pohledu a dok\u00e1\u017eou n\u00e1m z na\u0161eho obydl\u00ed vytvo\u0159it opravdov\u00fd domov a to v\u017edy podle na\u0161ich konkr\u00e9tn\u00edch p\u0159edstav. Nikdy V\u00e1m neud\u011blaj\u00ed to, co byste si nep\u0159\u00e1li. V\u017edy se ptaj\u00ed na po\u017eadavky, na barvy, kter\u00e9 m\u00e1te r\u00e1di na styl, co preferujete. Podle toho za\u010dnou p\u0159em\u00fd\u0161let, vytv\u00e1\u0159et prostor v obraze a pomoc\u00ed 3D a a\u017e podle toho, zdali s n\u00e1vrhem souhlas\u00edte, za\u010dnou p\u0159etv\u00e1\u0159et Va\u0161e obydl\u00ed, na V\u00e1\u0161 vysn\u011bn\u00fd domov, ve kter\u00e9m se budete c\u00edtit p\u0159\u00edjemn\u011b, \u00fatuln\u011b a moc hezky. To je \u00fakolem rekonstrukce, ale i t\u0159eba nov\u00e9ho vybaven\u00ed. V n\u011bkter\u00fdch p\u0159\u00edpadech si klienti p\u0159ej\u00ed velkou p\u0159estavbu, v jin\u00fdch si p\u0159ej\u00ed jenom ud\u011blat d\u011btsk\u00fd pokoj\u00ed\u010dek \u010di vybavit nov\u00fdm n\u00e1bytkem ob\u00fdvac\u00ed pokoj a trochu ho zm\u011bnit.To v\u0161echno je mo\u017en\u00e9 a je toho daleko v\u00edce!Bytov\u00ed architekti pomohou s jakoukoliv m\u00edstnost\u00ed a\u0165 jednotlivou nebo i s cel\u00fdm bydlen\u00edm jako celkem. Pak u\u017e bude jenom na V\u00e1s, jak si V\u00e1\u0161 nov\u00fd domov zabydl\u00edte.                                                                                                                                                                                                                                                                                                                                                                                                  "},{"@context":"https:\/\/schema.org\/","@type":"BreadcrumbList","itemListElement":[{"@type":"ListItem","position":1,"name":"N\u00e1vrhy interi\u00e9r\u016f od profesion\u00e1l\u016f","item":"https:\/\/www.cello-ilc.cz\/navrhy-interieru-od-profesionalu\/#breadcrumbitem"}]}]