[{"@context":"https:\/\/schema.org\/","@type":"Article","@id":"https:\/\/www.cello-ilc.cz\/nemusite-utracet-za-drahe-oslavy\/#Article","mainEntityOfPage":"https:\/\/www.cello-ilc.cz\/nemusite-utracet-za-drahe-oslavy\/","headline":"Nemus\u00edte utr\u00e1cet za drah\u00e9 oslavy","name":"Nemus\u00edte utr\u00e1cet za drah\u00e9 oslavy","description":"P\u00e1rty stany jsou pro V\u00e1s velmi d\u016fle\u017eit\u00e9, proto\u017ee d\u00edky nim u\u017e nemus\u00edte utr\u00e1cet za velmi drah\u00e9 oslavy v restaurac\u00edch. Ve\u0161ker\u00e9 oslavy jako svatby, k\u0159tiny, promoce toti\u017e m\u016f\u017eete uskute\u010dnit na sv\u00e9 vlastn\u00ed zahrad\u011b. Pod\u00edvejte se na webov\u00e9 str\u00e1nky firmy, kter\u00e1 se prodejem zab\u00fdv\u00e1 a najd\u011bte si produkt, kter\u00fd bude maxim\u00e1ln\u011b vyhovovat Va\u0161im po\u017eadavk\u016fm. Po\u0159i\u010fte si tak\u00e9...","datePublished":"2024-12-01","dateModified":"2024-12-01","author":{"@type":"Person","@id":"https:\/\/www.cello-ilc.cz\/author\/devene\/#Person","name":"devene","url":"https:\/\/www.cello-ilc.cz\/author\/devene\/","identifier":1,"image":{"@type":"ImageObject","@id":"https:\/\/secure.gravatar.com\/avatar\/87007d43bbcef3c87926bba9082d96a1a8da6f7ae55b1546f5f58a5e10d8ed12?s=96&d=mm&r=g","url":"https:\/\/secure.gravatar.com\/avatar\/87007d43bbcef3c87926bba9082d96a1a8da6f7ae55b1546f5f58a5e10d8ed12?s=96&d=mm&r=g","height":96,"width":96}},"publisher":{"@type":"Organization","name":"cello-ilc.cz","logo":{"@type":"ImageObject","@id":"\/logo.png","url":"\/logo.png","width":600,"height":60}},"url":"https:\/\/www.cello-ilc.cz\/nemusite-utracet-za-drahe-oslavy\/","wordCount":168,"articleBody":"P\u00e1rty stany jsou pro V\u00e1s velmi d\u016fle\u017eit\u00e9, proto\u017ee d\u00edky nim u\u017e nemus\u00edte utr\u00e1cet za velmi drah\u00e9 oslavy v restaurac\u00edch. Ve\u0161ker\u00e9 oslavy jako svatby, k\u0159tiny, promoce toti\u017e m\u016f\u017eete uskute\u010dnit na sv\u00e9 vlastn\u00ed zahrad\u011b. Pod\u00edvejte se na webov\u00e9 str\u00e1nky firmy, kter\u00e1 se prodejem zab\u00fdv\u00e1 a najd\u011bte si produkt, kter\u00fd bude maxim\u00e1ln\u011b vyhovovat Va\u0161im po\u017eadavk\u016fm. Po\u0159i\u010fte si tak\u00e9 zahradn\u00ed n\u00e1bytek Patrn\u011b si po\u0159\u00edd\u00edte tak\u00e9 zahradn\u00ed n\u00e1bytek, kter\u00fd bude skladn\u00fd a d\u00edky kter\u00e9mu se b\u011bhem chvilky stane z Va\u0161\u00ed zahrady zahradn\u00ed restaurace. Pro uleh\u010den\u00ed pr\u00e1ce si nakupte dostate\u010dn\u00e9 mno\u017estv\u00ed um\u011blohmotn\u00fdch kel\u00edmk\u016f, tal\u00ed\u0159\u016f a p\u0159\u00edbor\u016f, abyste nem\u011bli tolik pr\u00e1ce s \u00faklidem. Nebu\u010fte skromn\u00ed a p\u0159iznejte si, \u017ee na Va\u0161\u00ed zahrad\u011b se u\u017e uskute\u010dnily ty nejlep\u0161\u00ed oslavy a akce cel\u00e9 Va\u0161\u00ed rodiny a nebyla ani nutn\u00e1 p\u0159\u00edli\u0161 velk\u00e1 vyd\u00e1n\u00ed.                                                                                                                                                                                                                                                                                                                                                                                                "},{"@context":"https:\/\/schema.org\/","@type":"BreadcrumbList","itemListElement":[{"@type":"ListItem","position":1,"name":"Nemus\u00edte utr\u00e1cet za drah\u00e9 oslavy","item":"https:\/\/www.cello-ilc.cz\/nemusite-utracet-za-drahe-oslavy\/#breadcrumbitem"}]}]