{"@context":"https:\/\/schema.org\/","@type":"CollectionPage","@id":"https:\/\/www.cello-ilc.cz\/produkty\/#CollectionPage","headline":"Produkty Category","description":"","url":"https:\/\/www.cello-ilc.cz\/produkty\/","hasPart":[{"@type":"Article","@id":"https:\/\/www.cello-ilc.cz\/dokonala-chut-na-kterou-jen-tak-nezapomenete\/","headline":"Dokonal\u00e1 chu\u0165, na kterou jen tak nezapomenete","url":"https:\/\/www.cello-ilc.cz\/dokonala-chut-na-kterou-jen-tak-nezapomenete\/","datePublished":"2021-12-26","dateModified":"2023-05-17","mainEntityOfPage":"https:\/\/www.cello-ilc.cz\/dokonala-chut-na-kterou-jen-tak-nezapomenete\/","author":{"@type":"Person","@id":"https:\/\/www.cello-ilc.cz\/author\/devene\/#Person","name":"devene","url":"https:\/\/www.cello-ilc.cz\/author\/devene\/","identifier":1,"image":{"@type":"ImageObject","@id":"https:\/\/secure.gravatar.com\/avatar\/87007d43bbcef3c87926bba9082d96a1a8da6f7ae55b1546f5f58a5e10d8ed12?s=96&d=mm&r=g","url":"https:\/\/secure.gravatar.com\/avatar\/87007d43bbcef3c87926bba9082d96a1a8da6f7ae55b1546f5f58a5e10d8ed12?s=96&d=mm&r=g","height":96,"width":96}},"publisher":{"@type":"Organization","name":"cello-ilc.cz","logo":{"@type":"ImageObject","@id":"\/logo.png","url":"\/logo.png","width":600,"height":60}},"image":{"@type":"ImageObject","@id":"https:\/\/www.cello-ilc.cz\/wp-content\/uploads\/food-3539594_1920.jpg","url":"https:\/\/www.cello-ilc.cz\/wp-content\/uploads\/food-3539594_1920.jpg","height":0,"width":0},"keywords":null},{"@type":"Article","@id":"https:\/\/www.cello-ilc.cz\/vlastni-bydleni-nebo-pronajem\/","headline":"Vlastn\u00ed bydlen\u00ed nebo pron\u00e1jem","url":"https:\/\/www.cello-ilc.cz\/vlastni-bydleni-nebo-pronajem\/","datePublished":"2021-11-18","dateModified":"2023-05-17","mainEntityOfPage":"https:\/\/www.cello-ilc.cz\/vlastni-bydleni-nebo-pronajem\/","author":{"@type":"Person","@id":"https:\/\/www.cello-ilc.cz\/author\/devene\/#Person","name":"devene","url":"https:\/\/www.cello-ilc.cz\/author\/devene\/","identifier":1,"image":{"@type":"ImageObject","@id":"https:\/\/secure.gravatar.com\/avatar\/87007d43bbcef3c87926bba9082d96a1a8da6f7ae55b1546f5f58a5e10d8ed12?s=96&d=mm&r=g","url":"https:\/\/secure.gravatar.com\/avatar\/87007d43bbcef3c87926bba9082d96a1a8da6f7ae55b1546f5f58a5e10d8ed12?s=96&d=mm&r=g","height":96,"width":96}},"publisher":{"@type":"Organization","name":"cello-ilc.cz","logo":{"@type":"ImageObject","@id":"\/logo.png","url":"\/logo.png","width":600,"height":60}},"image":{"@type":"ImageObject","@id":"https:\/\/www.cello-ilc.cz\/wp-content\/uploads\/apartment-2094698_640.jpg","url":"https:\/\/www.cello-ilc.cz\/wp-content\/uploads\/apartment-2094698_640.jpg","height":0,"width":0},"keywords":null},{"@type":"Article","@id":"https:\/\/www.cello-ilc.cz\/pripravte-romantiku-pro-svoji-zenu\/","headline":"P\u0159ipravte romantiku pro svoji \u017eenu","url":"https:\/\/www.cello-ilc.cz\/pripravte-romantiku-pro-svoji-zenu\/","datePublished":"2021-08-20","dateModified":"2023-05-17","mainEntityOfPage":"https:\/\/www.cello-ilc.cz\/pripravte-romantiku-pro-svoji-zenu\/","author":{"@type":"Person","@id":"https:\/\/www.cello-ilc.cz\/author\/devene\/#Person","name":"devene","url":"https:\/\/www.cello-ilc.cz\/author\/devene\/","identifier":1,"image":{"@type":"ImageObject","@id":"https:\/\/secure.gravatar.com\/avatar\/87007d43bbcef3c87926bba9082d96a1a8da6f7ae55b1546f5f58a5e10d8ed12?s=96&d=mm&r=g","url":"https:\/\/secure.gravatar.com\/avatar\/87007d43bbcef3c87926bba9082d96a1a8da6f7ae55b1546f5f58a5e10d8ed12?s=96&d=mm&r=g","height":96,"width":96}},"publisher":{"@type":"Organization","name":"cello-ilc.cz","logo":{"@type":"ImageObject","@id":"\/logo.png","url":"\/logo.png","width":600,"height":60}},"image":{"@type":"ImageObject","@id":"https:\/\/www.cello-ilc.cz\/wp-content\/uploads\/springtime-2257608_1920.jpg","url":"https:\/\/www.cello-ilc.cz\/wp-content\/uploads\/springtime-2257608_1920.jpg","height":0,"width":0},"keywords":null},{"@type":"Article","@id":"https:\/\/www.cello-ilc.cz\/vhodne-do-kazdeho-obyvaku\/","headline":"Vhodn\u00e9 do ka\u017ed\u00e9ho ob\u00fdv\u00e1ku","url":"https:\/\/www.cello-ilc.cz\/vhodne-do-kazdeho-obyvaku\/","datePublished":"2021-05-15","dateModified":"2023-05-17","mainEntityOfPage":"https:\/\/www.cello-ilc.cz\/vhodne-do-kazdeho-obyvaku\/","author":{"@type":"Person","@id":"https:\/\/www.cello-ilc.cz\/author\/devene\/#Person","name":"devene","url":"https:\/\/www.cello-ilc.cz\/author\/devene\/","identifier":1,"image":{"@type":"ImageObject","@id":"https:\/\/secure.gravatar.com\/avatar\/87007d43bbcef3c87926bba9082d96a1a8da6f7ae55b1546f5f58a5e10d8ed12?s=96&d=mm&r=g","url":"https:\/\/secure.gravatar.com\/avatar\/87007d43bbcef3c87926bba9082d96a1a8da6f7ae55b1546f5f58a5e10d8ed12?s=96&d=mm&r=g","height":96,"width":96}},"publisher":{"@type":"Organization","name":"cello-ilc.cz","logo":{"@type":"ImageObject","@id":"\/logo.png","url":"\/logo.png","width":600,"height":60}},"image":{"@type":"ImageObject","@id":"https:\/\/www.cello-ilc.cz\/wp-content\/uploads\/Pl%C3%A1%C5%BEov%C3%A9%20vaky_1.jpg","url":"https:\/\/www.cello-ilc.cz\/wp-content\/uploads\/Pl%C3%A1%C5%BEov%C3%A9%20vaky_1.jpg","height":0,"width":0},"keywords":null},{"@type":"Article","@id":"https:\/\/www.cello-ilc.cz\/sacky-se-zipem-si-vezmete-s-sebou-i-na-vodackou-vypravu\/","headline":"S\u00e1\u010dky se zipem si vezm\u011bte s sebou i na vod\u00e1ckou v\u00fdpravu","url":"https:\/\/www.cello-ilc.cz\/sacky-se-zipem-si-vezmete-s-sebou-i-na-vodackou-vypravu\/","datePublished":"2021-02-17","dateModified":"2023-05-17","mainEntityOfPage":"https:\/\/www.cello-ilc.cz\/sacky-se-zipem-si-vezmete-s-sebou-i-na-vodackou-vypravu\/","author":{"@type":"Person","@id":"https:\/\/www.cello-ilc.cz\/author\/devene\/#Person","name":"devene","url":"https:\/\/www.cello-ilc.cz\/author\/devene\/","identifier":1,"image":{"@type":"ImageObject","@id":"https:\/\/secure.gravatar.com\/avatar\/87007d43bbcef3c87926bba9082d96a1a8da6f7ae55b1546f5f58a5e10d8ed12?s=96&d=mm&r=g","url":"https:\/\/secure.gravatar.com\/avatar\/87007d43bbcef3c87926bba9082d96a1a8da6f7ae55b1546f5f58a5e10d8ed12?s=96&d=mm&r=g","height":96,"width":96}},"publisher":{"@type":"Organization","name":"cello-ilc.cz","logo":{"@type":"ImageObject","@id":"\/logo.png","url":"\/logo.png","width":600,"height":60}},"image":{"@type":"ImageObject","@id":"https:\/\/www.cello-ilc.cz\/wp-content\/uploads\/kempov%C3%A1n%C3%AD%20v%20p%C5%99%C3%ADrod%C4%9B_3.jpg","url":"https:\/\/www.cello-ilc.cz\/wp-content\/uploads\/kempov%C3%A1n%C3%AD%20v%20p%C5%99%C3%ADrod%C4%9B_3.jpg","height":0,"width":0},"keywords":null},{"@type":"Article","@id":"https:\/\/www.cello-ilc.cz\/posezeni-z-palet\/","headline":"Posezen\u00ed z palet","url":"https:\/\/www.cello-ilc.cz\/posezeni-z-palet\/","datePublished":"2021-02-16","dateModified":"2023-11-10","mainEntityOfPage":"https:\/\/www.cello-ilc.cz\/posezeni-z-palet\/","author":{"@type":"Person","@id":"https:\/\/www.cello-ilc.cz\/author\/devene\/#Person","name":"devene","url":"https:\/\/www.cello-ilc.cz\/author\/devene\/","identifier":1,"image":{"@type":"ImageObject","@id":"https:\/\/secure.gravatar.com\/avatar\/87007d43bbcef3c87926bba9082d96a1a8da6f7ae55b1546f5f58a5e10d8ed12?s=96&d=mm&r=g","url":"https:\/\/secure.gravatar.com\/avatar\/87007d43bbcef3c87926bba9082d96a1a8da6f7ae55b1546f5f58a5e10d8ed12?s=96&d=mm&r=g","height":96,"width":96}},"publisher":{"@type":"Organization","name":"cello-ilc.cz","logo":{"@type":"ImageObject","@id":"\/logo.png","url":"\/logo.png","width":600,"height":60}},"image":{"@type":"ImageObject","@id":"https:\/\/www.cello-ilc.cz\/wp-content\/uploads\/paleta%20s%20krabicemi.jpg","url":"https:\/\/www.cello-ilc.cz\/wp-content\/uploads\/paleta%20s%20krabicemi.jpg","height":0,"width":0},"keywords":null},{"@type":"Article","@id":"https:\/\/www.cello-ilc.cz\/oblibena-postava-krtecek\/","headline":"Obl\u00edben\u00e1 postava Krte\u010dek","url":"https:\/\/www.cello-ilc.cz\/oblibena-postava-krtecek\/","datePublished":"2020-12-15","dateModified":"2023-05-17","mainEntityOfPage":"https:\/\/www.cello-ilc.cz\/oblibena-postava-krtecek\/","author":{"@type":"Person","@id":"https:\/\/www.cello-ilc.cz\/author\/devene\/#Person","name":"devene","url":"https:\/\/www.cello-ilc.cz\/author\/devene\/","identifier":1,"image":{"@type":"ImageObject","@id":"https:\/\/secure.gravatar.com\/avatar\/87007d43bbcef3c87926bba9082d96a1a8da6f7ae55b1546f5f58a5e10d8ed12?s=96&d=mm&r=g","url":"https:\/\/secure.gravatar.com\/avatar\/87007d43bbcef3c87926bba9082d96a1a8da6f7ae55b1546f5f58a5e10d8ed12?s=96&d=mm&r=g","height":96,"width":96}},"publisher":{"@type":"Organization","name":"cello-ilc.cz","logo":{"@type":"ImageObject","@id":"\/logo.png","url":"\/logo.png","width":600,"height":60}},"image":{"@type":"ImageObject","@id":"https:\/\/www.cello-ilc.cz\/wp-content\/uploads\/krtinec%20na%20zahrad%C4%9B.jpg","url":"https:\/\/www.cello-ilc.cz\/wp-content\/uploads\/krtinec%20na%20zahrad%C4%9B.jpg","height":0,"width":0},"keywords":null},{"@type":"Article","@id":"https:\/\/www.cello-ilc.cz\/chemicka-latka-poppers\/","headline":"Chemick\u00e1 l\u00e1tka Poppers","url":"https:\/\/www.cello-ilc.cz\/chemicka-latka-poppers\/","datePublished":"2020-11-06","dateModified":"2023-09-13","mainEntityOfPage":"https:\/\/www.cello-ilc.cz\/chemicka-latka-poppers\/","author":{"@type":"Person","@id":"https:\/\/www.cello-ilc.cz\/author\/devene\/#Person","name":"devene","url":"https:\/\/www.cello-ilc.cz\/author\/devene\/","identifier":1,"image":{"@type":"ImageObject","@id":"https:\/\/secure.gravatar.com\/avatar\/87007d43bbcef3c87926bba9082d96a1a8da6f7ae55b1546f5f58a5e10d8ed12?s=96&d=mm&r=g","url":"https:\/\/secure.gravatar.com\/avatar\/87007d43bbcef3c87926bba9082d96a1a8da6f7ae55b1546f5f58a5e10d8ed12?s=96&d=mm&r=g","height":96,"width":96}},"publisher":{"@type":"Organization","name":"cello-ilc.cz","logo":{"@type":"ImageObject","@id":"\/logo.png","url":"\/logo.png","width":600,"height":60}},"image":{"@type":"ImageObject","@id":"https:\/\/www.cello-ilc.cz\/wp-content\/uploads\/modr%C3%A1%20skvrna.png","url":"https:\/\/www.cello-ilc.cz\/wp-content\/uploads\/modr%C3%A1%20skvrna.png","height":0,"width":0},"keywords":null},{"@type":"Article","@id":"https:\/\/www.cello-ilc.cz\/psychoterapie-co-to-je-kdo-vam-ji-muze-nabidnout-a-kdy-pomaha\/","headline":"Psychoterapie: Co to je, kdo v\u00e1m ji m\u016f\u017ee nab\u00eddnout a kdy pom\u00e1h\u00e1?","url":"https:\/\/www.cello-ilc.cz\/psychoterapie-co-to-je-kdo-vam-ji-muze-nabidnout-a-kdy-pomaha\/","datePublished":"2020-10-19","dateModified":"2023-10-11","mainEntityOfPage":"https:\/\/www.cello-ilc.cz\/psychoterapie-co-to-je-kdo-vam-ji-muze-nabidnout-a-kdy-pomaha\/","author":{"@type":"Person","@id":"https:\/\/www.cello-ilc.cz\/author\/devene\/#Person","name":"devene","url":"https:\/\/www.cello-ilc.cz\/author\/devene\/","identifier":1,"image":{"@type":"ImageObject","@id":"https:\/\/secure.gravatar.com\/avatar\/87007d43bbcef3c87926bba9082d96a1a8da6f7ae55b1546f5f58a5e10d8ed12?s=96&d=mm&r=g","url":"https:\/\/secure.gravatar.com\/avatar\/87007d43bbcef3c87926bba9082d96a1a8da6f7ae55b1546f5f58a5e10d8ed12?s=96&d=mm&r=g","height":96,"width":96}},"publisher":{"@type":"Organization","name":"cello-ilc.cz","logo":{"@type":"ImageObject","@id":"\/logo.png","url":"\/logo.png","width":600,"height":60}},"image":{"@type":"ImageObject","@id":"https:\/\/www.cello-ilc.cz\/wp-content\/uploads\/%C4%8Dlov%C4%9Bk_v_krizi.jpg","url":"https:\/\/www.cello-ilc.cz\/wp-content\/uploads\/%C4%8Dlov%C4%9Bk_v_krizi.jpg","height":0,"width":0},"keywords":null},{"@type":"Article","@id":"https:\/\/www.cello-ilc.cz\/co-vse-obsahuje-zivnostensky-rejstrik\/","headline":"Co v\u0161e obsahuje \u017eivnostensk\u00fd rejst\u0159\u00edk","url":"https:\/\/www.cello-ilc.cz\/co-vse-obsahuje-zivnostensky-rejstrik\/","datePublished":"2020-10-13","dateModified":"2023-09-13","mainEntityOfPage":"https:\/\/www.cello-ilc.cz\/co-vse-obsahuje-zivnostensky-rejstrik\/","author":{"@type":"Person","@id":"https:\/\/www.cello-ilc.cz\/author\/devene\/#Person","name":"devene","url":"https:\/\/www.cello-ilc.cz\/author\/devene\/","identifier":1,"image":{"@type":"ImageObject","@id":"https:\/\/secure.gravatar.com\/avatar\/87007d43bbcef3c87926bba9082d96a1a8da6f7ae55b1546f5f58a5e10d8ed12?s=96&d=mm&r=g","url":"https:\/\/secure.gravatar.com\/avatar\/87007d43bbcef3c87926bba9082d96a1a8da6f7ae55b1546f5f58a5e10d8ed12?s=96&d=mm&r=g","height":96,"width":96}},"publisher":{"@type":"Organization","name":"cello-ilc.cz","logo":{"@type":"ImageObject","@id":"\/logo.png","url":"\/logo.png","width":600,"height":60}},"image":{"@type":"ImageObject","@id":"https:\/\/www.cello-ilc.cz\/wp-content\/uploads\/kontakt2_10_1.jpg","url":"https:\/\/www.cello-ilc.cz\/wp-content\/uploads\/kontakt2_10_1.jpg","height":0,"width":0},"keywords":null}]}