[{"@context":"https:\/\/schema.org\/","@type":"Article","@id":"https:\/\/www.cello-ilc.cz\/vlastni-bydleni-nebo-pronajem\/#Article","mainEntityOfPage":"https:\/\/www.cello-ilc.cz\/vlastni-bydleni-nebo-pronajem\/","headline":"Vlastn\u00ed bydlen\u00ed nebo pron\u00e1jem","name":"Vlastn\u00ed bydlen\u00ed nebo pron\u00e1jem","description":"Stavebn\u00ed firmy v Havl\u00ed\u010dkov\u011b Brod\u011b Hbstavby.com v\u00e1m zhotov\u00ed objekt k celoro\u010dn\u00edmu u\u017e\u00edv\u00e1n\u00ed podle va\u0161ich p\u0159edstav \u010di po\u017eadavk\u016f, ov\u0161em mus\u00edte m\u00edt nejprve jasno a b\u00fdt rozhodnut\u00ed j\u00edt touto cestou a d\u00e1t p\u0159ednost bydlen\u00ed ve vlastn\u00edm objektu p\u0159ed pron\u00e1jmem. Pronaj\u00edm\u00e1n\u00ed byt\u016f \u010di dom\u016f je docela v\u00fdnosn\u00fd byznys, ov\u0161em pouze pro pronaj\u00edmatele, nikoli pro n\u00e1jemce. Ten se ocit\u00e1...","datePublished":"2021-11-18","dateModified":"2023-05-17","author":{"@type":"Person","@id":"https:\/\/www.cello-ilc.cz\/author\/devene\/#Person","name":"devene","url":"https:\/\/www.cello-ilc.cz\/author\/devene\/","identifier":1,"image":{"@type":"ImageObject","@id":"https:\/\/secure.gravatar.com\/avatar\/87007d43bbcef3c87926bba9082d96a1a8da6f7ae55b1546f5f58a5e10d8ed12?s=96&d=mm&r=g","url":"https:\/\/secure.gravatar.com\/avatar\/87007d43bbcef3c87926bba9082d96a1a8da6f7ae55b1546f5f58a5e10d8ed12?s=96&d=mm&r=g","height":96,"width":96}},"publisher":{"@type":"Organization","name":"cello-ilc.cz","logo":{"@type":"ImageObject","@id":"\/logo.png","url":"\/logo.png","width":600,"height":60}},"image":{"@type":"ImageObject","@id":"https:\/\/www.cello-ilc.cz\/wp-content\/uploads\/apartment-2094698_640.jpg","url":"https:\/\/www.cello-ilc.cz\/wp-content\/uploads\/apartment-2094698_640.jpg","height":0,"width":0},"url":"https:\/\/www.cello-ilc.cz\/vlastni-bydleni-nebo-pronajem\/","about":["Produkty"],"wordCount":425,"articleBody":"Stavebn\u00ed firmy v Havl\u00ed\u010dkov\u011b Brod\u011b Hbstavby.com v\u00e1m zhotov\u00ed objekt k celoro\u010dn\u00edmu u\u017e\u00edv\u00e1n\u00ed podle va\u0161ich p\u0159edstav \u010di po\u017eadavk\u016f, ov\u0161em mus\u00edte m\u00edt nejprve jasno a b\u00fdt rozhodnut\u00ed j\u00edt touto cestou a d\u00e1t p\u0159ednost bydlen\u00ed ve vlastn\u00edm objektu p\u0159ed pron\u00e1jmem.Pronaj\u00edm\u00e1n\u00ed byt\u016f \u010di dom\u016f je docela v\u00fdnosn\u00fd byznys, ov\u0161em pouze pro pronaj\u00edmatele, nikoli pro n\u00e1jemce. Ten se ocit\u00e1 v roli pod\u0159\u00edzen\u00e9ho, sice deklarovan\u00e9ho n\u00e1jemn\u00ed smlouvou, ale st\u00e1le je to jen smluvn\u00ed ujedn\u00e1n\u00ed \u201ena pap\u00ed\u0159e\u201c. Nem\u016f\u017eete o sv\u00e9m bydlen\u00ed rozhodovat sami, nem\u016f\u017eete si bez dovolen\u00ed zru\u0161it tuhle p\u0159\u00ed\u010dku nebo vybudovat novou, nem\u016f\u017eete sv\u00e9voln\u011b vym\u011bnit kuchy\u0148skou linku, pokud nen\u00ed va\u0161e, za novou atd. A koneckonc\u016f platby n\u00e1jemn\u00e9ho jdou z va\u0161\u00ed kapsy ciz\u00edmu \u010dlov\u011bku a ve st\u00e1\u0159\u00ed v\u00e1m nezbude nic jin\u00e9ho, ne\u017e b\u00fdt z\u00e1visl\u00ed na pron\u00e1jmu, a p\u0159izp\u016fsobit se rostouc\u00edm cen\u00e1m n\u00e1jemn\u00e9ho.Problematick\u00e9 je to i s rostouc\u00edmi cenami energi\u00ed. Jestli\u017ee m\u00e1te sv\u016fj vlastn\u00ed d\u016fm, je to operativn\u00ed z\u00e1le\u017eitost, lze n\u011bco podniknout v tomto smyslu, nap\u0159\u00edklad vybudovat vlastn\u00ed nez\u00e1vislou studnu na obecn\u00edm \u010di m\u011bstsk\u00e9m vodovodn\u00edm \u0159adu, m\u00edt vlastn\u00ed septik, vlastn\u00ed fotovoltaick\u00e9 panely na st\u0159e\u0161e, vlastn\u00ed z\u00e1sobn\u00edk \u010dist\u00e9ho propanu pro va\u0159en\u00ed a vlastn\u00ed krb \u010di krbov\u00e1 kamna pro vyt\u00e1p\u011bn\u00ed d\u0159evem. To v\u0161e jsou prvky, s nimi\u017e lze sn\u00ed\u017eit n\u00e1klady na bydlen\u00ed na minimum a \u017e\u00edt spokojen\u011bj\u0161\u00edm \u017eivotem, i s ohledem na to, \u017ee se st\u00e1v\u00e1te v\u00edce nez\u00e1visl\u00fdmi v\u016f\u010di st\u00e1tu a subjekt\u016fm, kter\u00e9 dod\u00e1vaj\u00ed energie a pitnou vodu.Dal\u0161\u00edm plus je vlastn\u00ed zahrada. Uv\u011bdomuj\u00ed si to zejm\u00e9na lid\u00e9, kte\u0159\u00ed maj\u00ed tu mo\u017enost srovn\u00e1vat, vlastn\u00ed zahradu n\u011bkdy m\u011bli a p\u0159i\u0161li o ni, nebo alespo\u0148 na zahradu doch\u00e1zeli u p\u0159\u00edbuzn\u00fdch \u010di zn\u00e1m\u00fdch, a u\u017e\u00edvali si tu b\u00e1je\u010dn\u00e9ho klidu a vlastn\u00edho z\u00e1zem\u00ed. V\u00fdhodn\u00e9 je m\u00edt ji rozd\u011blenou na \u010d\u00e1st u\u017eitkovou a okrasnou, p\u011bstovat ovoce a zeleninu, m\u00edt dispozici pergolu \u010di alt\u00e1nek, terasu s v\u00fdhledem a posezen\u00ed s k\u00e1vou nebo s \u010dajem, kter\u00e9 si vychutn\u00e1te v p\u0159\u00edjemn\u00e9m prost\u0159ed\u00ed.                                                                                                                                                                                                                                                                                                                                                                                                  "},{"@context":"https:\/\/schema.org\/","@type":"BreadcrumbList","itemListElement":[{"@type":"ListItem","position":1,"name":"Vlastn\u00ed bydlen\u00ed nebo pron\u00e1jem","item":"https:\/\/www.cello-ilc.cz\/vlastni-bydleni-nebo-pronajem\/#breadcrumbitem"}]}]